{"id":12220,"date":"2024-01-29T12:15:31","date_gmt":"2024-01-29T11:15:31","guid":{"rendered":"https:\/\/alimentariarrigoni.it\/enfer-darvier-di-danilo-thomain\/"},"modified":"2025-10-14T11:30:55","modified_gmt":"2025-10-14T09:30:55","slug":"enfer-darvier-di-danilo-thomain","status":"publish","type":"post","link":"https:\/\/alimentariarrigoni.it\/de\/enfer-darvier-di-danilo-thomain\/","title":{"rendered":"Enfer d&#8217;Arvier di Danilo Thomain"},"content":{"rendered":"<div class=\"wpb-content-wrapper\"><p>[vc_row][vc_column width=&#8220;2\/3&#8243;][vc_column_text]<\/p>\n<h1><span style=\"font-family: georgia, palatino, serif;\">DER HEUTIGE WEIN\u2026<\/span><\/h1>\n<p><\/p>\n<p class=\"p1\" style=\"text-align: justify;\"><span style=\"font-family: georgia, palatino, serif;\">Der heutige Wein ist ein extrem liebevoller Ausdruck, nicht nur seitens seines Sch\u00f6pfers Danilo Thomain, der nur wenige Hektar steilster Weinberge in den Alpen von Hand bewirtschaftet, sondern auch von denen, wie uns und einigen wenigen weiteren Gesch\u00e4ften in Italien, die sich entschieden haben, ihn au\u00dferhalb des Aostatals bekannt zu machen und zu vertreiben. Unsere Gr\u00fcnde sind dabei keinesfalls kommerzieller Natur.<\/span><\/p>\n<p><\/p>\n<p class=\"p1\" style=\"text-align: justify;\"><span style=\"font-family: georgia, palatino, serif;\"><strong>Der Enfer d\u2019Arvier von Thomain ist die Art Wein, die man unter normalen Umst\u00e4nden nur in wenigen Restaurants oder Weinhandlungen in seiner abgelegenen Herkunftsregion, dem gebirgigen Aostatal, oder direkt im Weingut von Danilo Thomain finden w\u00fcrde \u2013 sofern man bereit ist, lange zu warten. Die Produktion ist auf etwa 10.000 Flaschen pro Jahr begrenzt, von denen die meisten ins Ausland gehen, wo diese kleine DOC bekannt und sehr gesch\u00e4tzt ist.<br \/>\n<\/span><\/p>\n<p><\/p>\n<p class=\"p1\" style=\"text-align: justify;\"><span style=\"font-family: georgia, palatino, serif;\">Enfer d\u2019Arvier wird aus der autochthonen Rebsorte Petit Rouge hergestellt, die in einigen der h\u00f6chstgelegenen Weinberge Europas angebaut wird. Er ist nicht nur einfach k\u00f6stlich, sondern wirklich einzigartig. Wie viele zeitgen\u00f6ssische Bergweine aus Frankreich, der Schweiz oder Norditalien, verbindet dieser Jahrgang 2022 eine magische Kombination aus \u00e4therischer Finesse und gro\u00dfer Widerstandskraft. Ein bl\u00fchender Blumenwiese voller Wildblumen, ein Korb mit Bergbeeren, ein Felsst\u00fcck \u2013 nichts gleicht ihm. In den meisten F\u00e4llen haben die seltensten Weine der Welt einen entsprechenden Preis. Aber nicht heute. Greifen Sie jetzt zu, bevor er f\u00fcr ein weiteres Jahr verschwindet!<\/span><\/p>\n<h2><span style=\"font-family: georgia, palatino, serif;\">Valle d&#8217;Aosta <\/span><\/h2>\n<p><\/p>\n<p class=\"p2\" style=\"text-align: justify;\"><span style=\"font-family: georgia, palatino, serif;\">Das Aostatal ist eine kleine Gebirgsregion der Westalpen, mit nicht nur dem Mont Blanc, sondern auch dem Matterhorn, Monte Rosa und Gran Paradiso, die die schneebedeckte Silhouette pr\u00e4gen. Die Weinberge, einige davon zu den h\u00f6chstgelegenen Europas geh\u00f6rend, liegen an Terrassen und H\u00e4ngen entlang des Flusses Dora Baltea, der weiter ins nahegelegene Piemont flie\u00dft und dort in den Po m\u00fcndet. Die Weinkultur des Aostatals ist eine Verschmelzung franz\u00f6sischer, italienischer und schweizerischer Weintraditionen. Franz\u00f6sisch ist die Hauptsprache, weshalb die Etiketten auf den Flaschen verwirrend wirken k\u00f6nnen: in der Regel werden Italienisch und Franz\u00f6sisch gleichzeitig verwendet.<\/span><\/p>\n<h3><span style=\"font-family: georgia, palatino, serif;\"><img loading=\"lazy\" decoding=\"async\" class=\"aligncenter wp-image-8891 \" src=\"https:\/\/alimentariarrigoni.it\/wp-content\/uploads\/2024\/01\/enfer-passeggio.jpg\" alt=\"Enfer d'Arvier di Danilo Thomain\" width=\"700\" height=\"523\" srcset=\"https:\/\/alimentariarrigoni.it\/wp-content\/uploads\/2024\/01\/enfer-passeggio.jpg 960w, https:\/\/alimentariarrigoni.it\/wp-content\/uploads\/2024\/01\/enfer-passeggio-300x224.jpg 300w, https:\/\/alimentariarrigoni.it\/wp-content\/uploads\/2024\/01\/enfer-passeggio-768x574.jpg 768w, https:\/\/alimentariarrigoni.it\/wp-content\/uploads\/2024\/01\/enfer-passeggio-80x60.jpg 80w, https:\/\/alimentariarrigoni.it\/wp-content\/uploads\/2024\/01\/enfer-passeggio-600x449.jpg 600w\" sizes=\"auto, (max-width: 700px) 100vw, 700px\" \/><\/span><\/h3>\n<p><\/p>\n<h3><\/h3>\n<p><\/p>\n<h3><span style=\"font-family: georgia, palatino, serif;\">L&#8216; Enfer d&#8217;Arvier <\/span><\/h3>\n<p><\/p>\n<p class=\"p2\" style=\"text-align: justify;\"><span style=\"font-family: georgia, palatino, serif;\">Die d\u00e4monische Etikette von Danilo Thomain ist eine Hommage an die kleine Weinbauzone dieses Weins: Enfer d\u2019Arvier oder \u201eH\u00f6lle von Arvier\u201c, eine Reihe von terrassierten Weinbergen am linken Ufer der Dora Baltea, vollst\u00e4ndig nach S\u00fcden exponiert, auf gro\u00dfer H\u00f6he. Die sengende Sonnenstrahlung am Tag macht den ohnehin anspruchsvollen Boden noch schwieriger zu bearbeiten.<\/span><\/p>\n<p>&nbsp;<\/p>\n<p class=\"p2\" style=\"text-align: justify;\"><span style=\"font-family: georgia, palatino, serif;\"><img loading=\"lazy\" decoding=\"async\" class=\"aligncenter wp-image-8892\" src=\"https:\/\/alimentariarrigoni.it\/wp-content\/uploads\/2024\/01\/etichetta-enfer.jpg\" alt=\"Enfer d'Arvier di Danilo Thomain\" width=\"379\" height=\"505\" srcset=\"https:\/\/alimentariarrigoni.it\/wp-content\/uploads\/2024\/01\/etichetta-enfer.jpg 465w, https:\/\/alimentariarrigoni.it\/wp-content\/uploads\/2024\/01\/etichetta-enfer-225x300.jpg 225w, https:\/\/alimentariarrigoni.it\/wp-content\/uploads\/2024\/01\/etichetta-enfer-80x107.jpg 80w\" sizes=\"auto, (max-width: 379px) 100vw, 379px\" \/><\/span><\/p>\n<p>&nbsp;<\/p>\n<p class=\"p2\" style=\"text-align: justify;\"><span style=\"font-family: georgia, palatino, serif;\">Die gesamte Anbaufl\u00e4che des Enfer d\u2019Arvier (DOC) umfasst nur etwa 12 Hektar Weinberge, von denen Thomain rund 5 Hektar besitzt. Neben Thomain ist die einzige weitere kommerziell relevante Produktionsst\u00e4tte die \u00f6rtliche Genossenschaft von Arvier.<\/span><\/p>\n<p><img loading=\"lazy\" decoding=\"async\" class=\"aligncenter wp-image-8888 \" title=\"Enfer d'Arvier\" src=\"https:\/\/alimentariarrigoni.it\/wp-content\/uploads\/2024\/01\/Enfer-DArvier-vigneto-basso-1024x768.jpg\" alt=\"\" width=\"695\" height=\"521\" srcset=\"https:\/\/alimentariarrigoni.it\/wp-content\/uploads\/2024\/01\/Enfer-DArvier-vigneto-basso-1024x768.jpg 1024w, https:\/\/alimentariarrigoni.it\/wp-content\/uploads\/2024\/01\/Enfer-DArvier-vigneto-basso-300x225.jpg 300w, https:\/\/alimentariarrigoni.it\/wp-content\/uploads\/2024\/01\/Enfer-DArvier-vigneto-basso-768x576.jpg 768w, https:\/\/alimentariarrigoni.it\/wp-content\/uploads\/2024\/01\/Enfer-DArvier-vigneto-basso-80x60.jpg 80w, https:\/\/alimentariarrigoni.it\/wp-content\/uploads\/2024\/01\/Enfer-DArvier-vigneto-basso-600x450.jpg 600w, https:\/\/alimentariarrigoni.it\/wp-content\/uploads\/2024\/01\/Enfer-DArvier-vigneto-basso.jpg 1032w\" sizes=\"auto, (max-width: 695px) 100vw, 695px\" \/><\/p>\n<h4><span style=\"font-family: georgia, palatino, serif;\">Danilo Thomain<\/span><\/h4>\n<p><\/p>\n<p class=\"p2\" style=\"text-align: justify;\"><span style=\"font-family: georgia, palatino, serif;\">Mein Interesse an diesem Wein wird dadurch gesteigert, dass Danilo Thomain die dritte Generation seiner Familie ist, die hier Wein produziert. Nur die Weinberge von Morgex et la Salle liegen h\u00f6her an den H\u00e4ngen des Mont Blanc, und es ist offensichtlich, dass alles, was Danilo tut, sorgf\u00e4ltig von Hand geschieht. Die B\u00f6den der Region bestehen aus sandiger Gletschermor\u00e4ne. W\u00e4hrend der w\u00fcrzige und florale Petit Rouge die Hauptrebsorte ist (gesetzlich mindestens 85 %), k\u00f6nnen auch Gamay, Pinot Noir, Dolcetto und andere lokale Sorten gemeinsam mit Petit Rouge vorhanden sein.<\/span><\/p>\n<p><\/p>\n<p class=\"p2\" style=\"text-align: justify;\"><span style=\"font-family: georgia, palatino, serif;\">Der Enfer d\u2019Arvier 2022 von Thomain besteht zu 90 % aus Petit Rouge und 10 % aus Pinot Noir und reifte etwa neun Monate in Edelstahltanks. Entstanden ist ein lebendiger, frischer und \u00fcberraschend komplexer Rotwein, der mit Grand Crus aus Beaujolais, Savoyen, Burgenland und Baden konkurrieren kann.<br \/>\n<\/span><\/p>\n<p><\/p>\n<p>Der Duft, die Energie und die \u00fcppige Frucht dieses Weins faszinieren. F\u00fcr mich war das Trinken einer Flasche Enfer d\u2019Arvier eine kleine Reise in einen winzigen, wundersch\u00f6nen und unber\u00fchrten Teil der Welt \u2013 Balsam f\u00fcr die Seele.<\/p>\n<h5><span style=\"font-family: georgia, palatino, serif; font-size: 16px;\">Im Glas <\/span><\/h5>\n<p><\/p>\n<p class=\"p2\" style=\"text-align: justify;\"><span style=\"font-family: georgia, palatino, serif;\">Im Glas zeigt er sich in leuchtendem Rubinrot, das an den R\u00e4ndern violett schimmert, mit Aromen von roten und violetten Bl\u00fcten, Waldbeeren, schwarzem Pfeffer, Wildkr\u00e4utern und Kieselsteinen. Mittelkr\u00e4ftig, mit konzentrierten Fruchtnoten von Sauerkirsche und Heidelbeere, unterst\u00fctzt von lebendiger S\u00e4ure und gefolgt von einem Hauch Kr\u00e4utern und Gew\u00fcrzen im Abgang. Ein frischer, nerviger Rotwein. 20 Minuten vor dem Servieren \u00f6ffnen, um ihn atmen und stabilisieren zu lassen, und bei 16\u201318\u202f\u00b0C servieren \u2013 perfekt zu leichten Fleischgerichten und gegrilltem Gem\u00fcse. Im Aostatal passen knackige, aromatische Rotweine wie dieser hervorragend zu fonduta alla valdostana.<\/span><\/p>\n<p>[\/vc_column_text][\/vc_column][vc_column width=&#8220;1\/3&#8243;][\/vc_column][\/vc_row][vc_row][vc_column]<div class=\"slider-items-products\">\r\n\t\t\t\t<div id=\"best-seller\" class=\"product-flexslider hidden-buttons\">\r\n\t\t\t\t\t<div class=\"slider-items slider-width-col4 products-grid\">\r\n\t\t\t\t\t<div class=\"item\"><div class=\"item-inner\"><div class=\"item-img\"><div class=\"item-img-info\"><a href=\"https:\/\/alimentariarrigoni.it\/de\/prodotto\/enfer-darvier-danilo-thomain-2023\/\" title=\"Enfer d&#8217;Arvier Danilo Thomain 2023\" class=\"product-image\"><img decoding=\"async\" src=\"https:\/\/alimentariarrigoni.it\/wp-content\/uploads\/2024\/01\/enfer-darvier-2022-270x270.jpg\" alt=\"Enfer d&#8217;Arvier Danilo Thomain 2023\"><\/a><div class=\"item-box-hover\"><div class=\"box-inner\"><div class=\"product-detail-bnt\"><a class=\"button detail-bnt\" id=\"12237\"><span>Quick View<\/span><\/a><\/div><\/div><\/div><\/div><div class=\"add_cart\"><a href=\"\/de\/wp-json\/wp\/v2\/posts\/12220?add-to-cart=12237\" data-quantity=\"1\" class=\"button btn-cart button product_type_simple add_to_cart_button ajax_add_to_cart ajax_add_to_cart\" data-product_id=\"12237\" data-product_sku=\"1488\" aria-label=\"In den Warenkorb legen: \u201eEnfer d&#039;Arvier Danilo Thomain 2023\u201c\" rel=\"nofollow\" data-success_message=\"\u201eEnfer d&#039;Arvier Danilo Thomain 2023\u201c wurde deinem Warenkorb hinzugef\u00fcgt\" role=\"button\"><span>In den Warenkorb<\/span><\/a><\/div><\/div><div class=\"item-info\"><div class=\"info-inner\"><div class=\"item-title\"><a href=\"https:\/\/alimentariarrigoni.it\/de\/prodotto\/enfer-darvier-danilo-thomain-2023\/\" title=\"Enfer d&#8217;Arvier Danilo Thomain 2023\">Enfer d&#8217;Arvier Danilo Thomain 2023<\/a> <\/div><div class=\"item-content\"><div class=\"rating\"><div class=\"ratings\"><\/div><\/div><div class=\"item-price\"><div class=\"price-box\"><span class=\"regular-price\" ><span class=\"price\"><span class=\"woocommerce-Price-amount amount\"><bdi><span class=\"woocommerce-Price-currencySymbol\">&euro;<\/span>26.00<\/bdi><\/span><\/span> <\/span> <\/div><\/div><\/div><\/div><\/div><\/div><\/div>\r\n\t\t\t\t\t<\/div>\r\n\t\t\t\t<\/div>\r\n\t\t\t<\/div>\r\n\t\t\t<div class=\"loader-image\" style=\"display:none;\"><\/div><div class=\"ajaxphp-results\"><\/div>[\/vc_column][\/vc_row]<\/p>\n<\/div>","protected":false},"excerpt":{"rendered":"<p>[vc_row][vc_column width=&#8220;2\/3&#8243;][vc_column_text] DER HEUTIGE WEIN\u2026 Der heutige Wein ist ein extrem liebevoller Ausdruck, nicht nur seitens seines Sch\u00f6pfers Danilo Thomain, der nur wenige Hektar steilster Weinberge in den Alpen von Hand bewirtschaftet, sondern auch von denen, wie uns und einigen wenigen weiteren Gesch\u00e4ften in Italien, die sich entschieden haben, ihn au\u00dferhalb des Aostatals bekannt zu<\/p>\n<div class=\"klb-readmore\"><a href=\"https:\/\/alimentariarrigoni.it\/de\/prodotto\/enfer-darvier-danilo-thomain-2023\/\" class=\"btn\">READ MORE<\/a><\/div>\n","protected":false},"author":2,"featured_media":12105,"comment_status":"closed","ping_status":"closed","sticky":false,"template":"","format":"standard","meta":{"footnotes":""},"categories":[1368,1369,1370],"tags":[1371,1372,1373,1374],"class_list":["post-12220","post","type-post","status-publish","format-standard","has-post-thumbnail","hentry","category-blog-de","category-danilo-thomain-de","category-vino-de","tag-danilo-thomain-de","tag-enfer-darvier-de","tag-petit-rouge-de","tag-valle-daosta-de","blog_entry clearfix"],"yoast_head":"<!-- This site is optimized with the Yoast SEO Premium plugin v27.4 (Yoast SEO v27.4) - https:\/\/yoast.com\/product\/yoast-seo-premium-wordpress\/ -->\n<title>Enfer d&#039;Arvier di Danilo Thomain<\/title>\n<meta name=\"description\" content=\"L&#039;etichetta demoniaca di Danilo Thomain \u00e8 un omaggio alla minuscola denominazione di questo vino: Enfer d&#039;Arvier, o \u201cinferno di Arvier\u201d, una serie di vigneti terrazzati sulla riva sinistra orografica della Dora Baltea\u00a0in valle d&#039;Aosta completamente esposti a sud su altitudini elevate. La cocente luce solare del giorno rende il terreno, gi\u00e0 impegnativo, ancora pi\u00f9 difficile da lavorare. Un&#039;autentico vino valle d aosta DOC.\" \/>\n<meta name=\"robots\" content=\"index, follow, max-snippet:-1, max-image-preview:large, max-video-preview:-1\" \/>\n<link rel=\"canonical\" href=\"https:\/\/alimentariarrigoni.it\/de\/enfer-darvier-di-danilo-thomain\/\" \/>\n<meta property=\"og:locale\" content=\"de_DE\" \/>\n<meta property=\"og:type\" content=\"article\" \/>\n<meta property=\"og:title\" content=\"Enfer d&#039;Arvier di Danilo Thomain\" \/>\n<meta property=\"og:description\" content=\"L&#039;etichetta demoniaca di Danilo Thomain \u00e8 un omaggio alla minuscola denominazione di questo vino: Enfer d&#039;Arvier, o \u201cinferno di Arvier\u201d, una serie di vigneti terrazzati sulla riva sinistra orografica della Dora Baltea\u00a0in valle d&#039;Aosta completamente esposti a sud su altitudini elevate. La cocente luce solare del giorno rende il terreno, gi\u00e0 impegnativo, ancora pi\u00f9 difficile da lavorare. Un&#039;autentico vino valle d aosta DOC.\" \/>\n<meta property=\"og:url\" content=\"https:\/\/alimentariarrigoni.it\/de\/enfer-darvier-di-danilo-thomain\/\" \/>\n<meta property=\"og:site_name\" content=\"Alimentari Arrigoni\" \/>\n<meta property=\"article:publisher\" content=\"https:\/\/www.facebook.com\/alimentariarrigoni\/\" \/>\n<meta property=\"article:published_time\" content=\"2024-01-29T11:15:31+00:00\" \/>\n<meta property=\"article:modified_time\" content=\"2025-10-14T09:30:55+00:00\" \/>\n<meta property=\"og:image\" content=\"https:\/\/alimentariarrigoni.it\/wp-content\/uploads\/2024\/01\/vigneti-enfer-copertina.jpg\" \/>\n\t<meta property=\"og:image:width\" content=\"1850\" \/>\n\t<meta property=\"og:image:height\" content=\"1280\" \/>\n\t<meta property=\"og:image:type\" content=\"image\/jpeg\" \/>\n<meta name=\"author\" content=\"arrigoni\" \/>\n<meta name=\"twitter:card\" content=\"summary_large_image\" \/>\n<meta name=\"twitter:label1\" content=\"Verfasst von\" \/>\n\t<meta name=\"twitter:data1\" content=\"arrigoni\" \/>\n\t<meta name=\"twitter:label2\" content=\"Gesch\u00e4tzte Lesezeit\" \/>\n\t<meta name=\"twitter:data2\" content=\"5\u00a0Minuten\" \/>\n<script type=\"application\/ld+json\" class=\"yoast-schema-graph\">{\"@context\":\"https:\\\/\\\/schema.org\",\"@graph\":[{\"@type\":\"Article\",\"@id\":\"https:\\\/\\\/alimentariarrigoni.it\\\/de\\\/enfer-darvier-di-danilo-thomain\\\/#article\",\"isPartOf\":{\"@id\":\"https:\\\/\\\/alimentariarrigoni.it\\\/de\\\/enfer-darvier-di-danilo-thomain\\\/\"},\"author\":{\"name\":\"arrigoni\",\"@id\":\"https:\\\/\\\/alimentariarrigoni.it\\\/de\\\/#\\\/schema\\\/person\\\/e76de1b9d778432fbbb7b73c47d3eb38\"},\"headline\":\"Enfer d&#8217;Arvier di Danilo Thomain\",\"datePublished\":\"2024-01-29T11:15:31+00:00\",\"dateModified\":\"2025-10-14T09:30:55+00:00\",\"mainEntityOfPage\":{\"@id\":\"https:\\\/\\\/alimentariarrigoni.it\\\/de\\\/enfer-darvier-di-danilo-thomain\\\/\"},\"wordCount\":772,\"publisher\":{\"@id\":\"https:\\\/\\\/alimentariarrigoni.it\\\/de\\\/#organization\"},\"image\":{\"@id\":\"https:\\\/\\\/alimentariarrigoni.it\\\/de\\\/enfer-darvier-di-danilo-thomain\\\/#primaryimage\"},\"thumbnailUrl\":\"https:\\\/\\\/alimentariarrigoni.it\\\/wp-content\\\/uploads\\\/2024\\\/01\\\/vigneti-enfer-copertina.jpg\",\"keywords\":[\"Danilo Thomain\",\"Enfer d&#8217;Arvier\",\"Petit Rouge\",\"Valle d&#8217;Aosta\"],\"articleSection\":[\"blog\",\"Danilo Thomain\",\"vino\"],\"inLanguage\":\"de\"},{\"@type\":\"WebPage\",\"@id\":\"https:\\\/\\\/alimentariarrigoni.it\\\/de\\\/enfer-darvier-di-danilo-thomain\\\/\",\"url\":\"https:\\\/\\\/alimentariarrigoni.it\\\/de\\\/enfer-darvier-di-danilo-thomain\\\/\",\"name\":\"Enfer d'Arvier di Danilo Thomain\",\"isPartOf\":{\"@id\":\"https:\\\/\\\/alimentariarrigoni.it\\\/de\\\/#website\"},\"primaryImageOfPage\":{\"@id\":\"https:\\\/\\\/alimentariarrigoni.it\\\/de\\\/enfer-darvier-di-danilo-thomain\\\/#primaryimage\"},\"image\":{\"@id\":\"https:\\\/\\\/alimentariarrigoni.it\\\/de\\\/enfer-darvier-di-danilo-thomain\\\/#primaryimage\"},\"thumbnailUrl\":\"https:\\\/\\\/alimentariarrigoni.it\\\/wp-content\\\/uploads\\\/2024\\\/01\\\/vigneti-enfer-copertina.jpg\",\"datePublished\":\"2024-01-29T11:15:31+00:00\",\"dateModified\":\"2025-10-14T09:30:55+00:00\",\"description\":\"L'etichetta demoniaca di Danilo Thomain \u00e8 un omaggio alla minuscola denominazione di questo vino: Enfer d'Arvier, o \u201cinferno di Arvier\u201d, una serie di vigneti terrazzati sulla riva sinistra orografica della Dora Baltea\u00a0in valle d'Aosta completamente esposti a sud su altitudini elevate. La cocente luce solare del giorno rende il terreno, gi\u00e0 impegnativo, ancora pi\u00f9 difficile da lavorare. Un'autentico vino valle d aosta DOC.\",\"breadcrumb\":{\"@id\":\"https:\\\/\\\/alimentariarrigoni.it\\\/de\\\/enfer-darvier-di-danilo-thomain\\\/#breadcrumb\"},\"inLanguage\":\"de\",\"potentialAction\":[{\"@type\":\"ReadAction\",\"target\":[\"https:\\\/\\\/alimentariarrigoni.it\\\/de\\\/enfer-darvier-di-danilo-thomain\\\/\"]}]},{\"@type\":\"ImageObject\",\"inLanguage\":\"de\",\"@id\":\"https:\\\/\\\/alimentariarrigoni.it\\\/de\\\/enfer-darvier-di-danilo-thomain\\\/#primaryimage\",\"url\":\"https:\\\/\\\/alimentariarrigoni.it\\\/wp-content\\\/uploads\\\/2024\\\/01\\\/vigneti-enfer-copertina.jpg\",\"contentUrl\":\"https:\\\/\\\/alimentariarrigoni.it\\\/wp-content\\\/uploads\\\/2024\\\/01\\\/vigneti-enfer-copertina.jpg\",\"width\":1850,\"height\":1280,\"caption\":\"Enfer d'Arvier di Danilo Thomain\"},{\"@type\":\"BreadcrumbList\",\"@id\":\"https:\\\/\\\/alimentariarrigoni.it\\\/de\\\/enfer-darvier-di-danilo-thomain\\\/#breadcrumb\",\"itemListElement\":[{\"@type\":\"ListItem\",\"position\":1,\"name\":\"Home\",\"item\":\"https:\\\/\\\/alimentariarrigoni.it\\\/de\\\/\"},{\"@type\":\"ListItem\",\"position\":2,\"name\":\"Enfer d&#8217;Arvier di Danilo Thomain\"}]},{\"@type\":\"WebSite\",\"@id\":\"https:\\\/\\\/alimentariarrigoni.it\\\/de\\\/#website\",\"url\":\"https:\\\/\\\/alimentariarrigoni.it\\\/de\\\/\",\"name\":\"Alimentari Arrigoni\",\"description\":\"\",\"publisher\":{\"@id\":\"https:\\\/\\\/alimentariarrigoni.it\\\/de\\\/#organization\"},\"potentialAction\":[{\"@type\":\"SearchAction\",\"target\":{\"@type\":\"EntryPoint\",\"urlTemplate\":\"https:\\\/\\\/alimentariarrigoni.it\\\/de\\\/?s={search_term_string}\"},\"query-input\":{\"@type\":\"PropertyValueSpecification\",\"valueRequired\":true,\"valueName\":\"search_term_string\"}}],\"inLanguage\":\"de\"},{\"@type\":\"Organization\",\"@id\":\"https:\\\/\\\/alimentariarrigoni.it\\\/de\\\/#organization\",\"name\":\"Alimentari dal 1894\",\"url\":\"https:\\\/\\\/alimentariarrigoni.it\\\/de\\\/\",\"logo\":{\"@type\":\"ImageObject\",\"inLanguage\":\"de\",\"@id\":\"https:\\\/\\\/alimentariarrigoni.it\\\/de\\\/#\\\/schema\\\/logo\\\/image\\\/\",\"url\":\"https:\\\/\\\/alimentariarrigoni.it\\\/wp-content\\\/uploads\\\/2022\\\/02\\\/logo-mail-mod.-comp.jpg\",\"contentUrl\":\"https:\\\/\\\/alimentariarrigoni.it\\\/wp-content\\\/uploads\\\/2022\\\/02\\\/logo-mail-mod.-comp.jpg\",\"width\":315,\"height\":100,\"caption\":\"Alimentari dal 1894\"},\"image\":{\"@id\":\"https:\\\/\\\/alimentariarrigoni.it\\\/de\\\/#\\\/schema\\\/logo\\\/image\\\/\"},\"sameAs\":[\"https:\\\/\\\/www.facebook.com\\\/alimentariarrigoni\\\/\",\"https:\\\/\\\/www.instagram.com\\\/alimentariarrigoni\\\/\"]},{\"@type\":\"Person\",\"@id\":\"https:\\\/\\\/alimentariarrigoni.it\\\/de\\\/#\\\/schema\\\/person\\\/e76de1b9d778432fbbb7b73c47d3eb38\",\"name\":\"arrigoni\",\"image\":{\"@type\":\"ImageObject\",\"inLanguage\":\"de\",\"@id\":\"https:\\\/\\\/secure.gravatar.com\\\/avatar\\\/a1b7948e0ecd31e4ae28423f3ff517946cbc4293f471936b421819e10b2d4b06?s=96&d=mm&r=g\",\"url\":\"https:\\\/\\\/secure.gravatar.com\\\/avatar\\\/a1b7948e0ecd31e4ae28423f3ff517946cbc4293f471936b421819e10b2d4b06?s=96&d=mm&r=g\",\"contentUrl\":\"https:\\\/\\\/secure.gravatar.com\\\/avatar\\\/a1b7948e0ecd31e4ae28423f3ff517946cbc4293f471936b421819e10b2d4b06?s=96&d=mm&r=g\",\"caption\":\"arrigoni\"}}]}<\/script>\n<!-- \/ Yoast SEO Premium plugin. -->","yoast_head_json":{"title":"Enfer d'Arvier di Danilo Thomain","description":"L'etichetta demoniaca di Danilo Thomain \u00e8 un omaggio alla minuscola denominazione di questo vino: Enfer d'Arvier, o \u201cinferno di Arvier\u201d, una serie di vigneti terrazzati sulla riva sinistra orografica della Dora Baltea\u00a0in valle d'Aosta completamente esposti a sud su altitudini elevate. La cocente luce solare del giorno rende il terreno, gi\u00e0 impegnativo, ancora pi\u00f9 difficile da lavorare. Un'autentico vino valle d aosta DOC.","robots":{"index":"index","follow":"follow","max-snippet":"max-snippet:-1","max-image-preview":"max-image-preview:large","max-video-preview":"max-video-preview:-1"},"canonical":"https:\/\/alimentariarrigoni.it\/de\/enfer-darvier-di-danilo-thomain\/","og_locale":"de_DE","og_type":"article","og_title":"Enfer d'Arvier di Danilo Thomain","og_description":"L'etichetta demoniaca di Danilo Thomain \u00e8 un omaggio alla minuscola denominazione di questo vino: Enfer d'Arvier, o \u201cinferno di Arvier\u201d, una serie di vigneti terrazzati sulla riva sinistra orografica della Dora Baltea\u00a0in valle d'Aosta completamente esposti a sud su altitudini elevate. La cocente luce solare del giorno rende il terreno, gi\u00e0 impegnativo, ancora pi\u00f9 difficile da lavorare. Un'autentico vino valle d aosta DOC.","og_url":"https:\/\/alimentariarrigoni.it\/de\/enfer-darvier-di-danilo-thomain\/","og_site_name":"Alimentari Arrigoni","article_publisher":"https:\/\/www.facebook.com\/alimentariarrigoni\/","article_published_time":"2024-01-29T11:15:31+00:00","article_modified_time":"2025-10-14T09:30:55+00:00","og_image":[{"width":1850,"height":1280,"url":"https:\/\/alimentariarrigoni.it\/wp-content\/uploads\/2024\/01\/vigneti-enfer-copertina.jpg","type":"image\/jpeg"}],"author":"arrigoni","twitter_card":"summary_large_image","twitter_misc":{"Verfasst von":"arrigoni","Gesch\u00e4tzte Lesezeit":"5\u00a0Minuten"},"schema":{"@context":"https:\/\/schema.org","@graph":[{"@type":"Article","@id":"https:\/\/alimentariarrigoni.it\/de\/enfer-darvier-di-danilo-thomain\/#article","isPartOf":{"@id":"https:\/\/alimentariarrigoni.it\/de\/enfer-darvier-di-danilo-thomain\/"},"author":{"name":"arrigoni","@id":"https:\/\/alimentariarrigoni.it\/de\/#\/schema\/person\/e76de1b9d778432fbbb7b73c47d3eb38"},"headline":"Enfer d&#8217;Arvier di Danilo Thomain","datePublished":"2024-01-29T11:15:31+00:00","dateModified":"2025-10-14T09:30:55+00:00","mainEntityOfPage":{"@id":"https:\/\/alimentariarrigoni.it\/de\/enfer-darvier-di-danilo-thomain\/"},"wordCount":772,"publisher":{"@id":"https:\/\/alimentariarrigoni.it\/de\/#organization"},"image":{"@id":"https:\/\/alimentariarrigoni.it\/de\/enfer-darvier-di-danilo-thomain\/#primaryimage"},"thumbnailUrl":"https:\/\/alimentariarrigoni.it\/wp-content\/uploads\/2024\/01\/vigneti-enfer-copertina.jpg","keywords":["Danilo Thomain","Enfer d&#8217;Arvier","Petit Rouge","Valle d&#8217;Aosta"],"articleSection":["blog","Danilo Thomain","vino"],"inLanguage":"de"},{"@type":"WebPage","@id":"https:\/\/alimentariarrigoni.it\/de\/enfer-darvier-di-danilo-thomain\/","url":"https:\/\/alimentariarrigoni.it\/de\/enfer-darvier-di-danilo-thomain\/","name":"Enfer d'Arvier di Danilo Thomain","isPartOf":{"@id":"https:\/\/alimentariarrigoni.it\/de\/#website"},"primaryImageOfPage":{"@id":"https:\/\/alimentariarrigoni.it\/de\/enfer-darvier-di-danilo-thomain\/#primaryimage"},"image":{"@id":"https:\/\/alimentariarrigoni.it\/de\/enfer-darvier-di-danilo-thomain\/#primaryimage"},"thumbnailUrl":"https:\/\/alimentariarrigoni.it\/wp-content\/uploads\/2024\/01\/vigneti-enfer-copertina.jpg","datePublished":"2024-01-29T11:15:31+00:00","dateModified":"2025-10-14T09:30:55+00:00","description":"L'etichetta demoniaca di Danilo Thomain \u00e8 un omaggio alla minuscola denominazione di questo vino: Enfer d'Arvier, o \u201cinferno di Arvier\u201d, una serie di vigneti terrazzati sulla riva sinistra orografica della Dora Baltea\u00a0in valle d'Aosta completamente esposti a sud su altitudini elevate. La cocente luce solare del giorno rende il terreno, gi\u00e0 impegnativo, ancora pi\u00f9 difficile da lavorare. Un'autentico vino valle d aosta DOC.","breadcrumb":{"@id":"https:\/\/alimentariarrigoni.it\/de\/enfer-darvier-di-danilo-thomain\/#breadcrumb"},"inLanguage":"de","potentialAction":[{"@type":"ReadAction","target":["https:\/\/alimentariarrigoni.it\/de\/enfer-darvier-di-danilo-thomain\/"]}]},{"@type":"ImageObject","inLanguage":"de","@id":"https:\/\/alimentariarrigoni.it\/de\/enfer-darvier-di-danilo-thomain\/#primaryimage","url":"https:\/\/alimentariarrigoni.it\/wp-content\/uploads\/2024\/01\/vigneti-enfer-copertina.jpg","contentUrl":"https:\/\/alimentariarrigoni.it\/wp-content\/uploads\/2024\/01\/vigneti-enfer-copertina.jpg","width":1850,"height":1280,"caption":"Enfer d'Arvier di Danilo Thomain"},{"@type":"BreadcrumbList","@id":"https:\/\/alimentariarrigoni.it\/de\/enfer-darvier-di-danilo-thomain\/#breadcrumb","itemListElement":[{"@type":"ListItem","position":1,"name":"Home","item":"https:\/\/alimentariarrigoni.it\/de\/"},{"@type":"ListItem","position":2,"name":"Enfer d&#8217;Arvier di Danilo Thomain"}]},{"@type":"WebSite","@id":"https:\/\/alimentariarrigoni.it\/de\/#website","url":"https:\/\/alimentariarrigoni.it\/de\/","name":"Alimentari Arrigoni","description":"","publisher":{"@id":"https:\/\/alimentariarrigoni.it\/de\/#organization"},"potentialAction":[{"@type":"SearchAction","target":{"@type":"EntryPoint","urlTemplate":"https:\/\/alimentariarrigoni.it\/de\/?s={search_term_string}"},"query-input":{"@type":"PropertyValueSpecification","valueRequired":true,"valueName":"search_term_string"}}],"inLanguage":"de"},{"@type":"Organization","@id":"https:\/\/alimentariarrigoni.it\/de\/#organization","name":"Alimentari dal 1894","url":"https:\/\/alimentariarrigoni.it\/de\/","logo":{"@type":"ImageObject","inLanguage":"de","@id":"https:\/\/alimentariarrigoni.it\/de\/#\/schema\/logo\/image\/","url":"https:\/\/alimentariarrigoni.it\/wp-content\/uploads\/2022\/02\/logo-mail-mod.-comp.jpg","contentUrl":"https:\/\/alimentariarrigoni.it\/wp-content\/uploads\/2022\/02\/logo-mail-mod.-comp.jpg","width":315,"height":100,"caption":"Alimentari dal 1894"},"image":{"@id":"https:\/\/alimentariarrigoni.it\/de\/#\/schema\/logo\/image\/"},"sameAs":["https:\/\/www.facebook.com\/alimentariarrigoni\/","https:\/\/www.instagram.com\/alimentariarrigoni\/"]},{"@type":"Person","@id":"https:\/\/alimentariarrigoni.it\/de\/#\/schema\/person\/e76de1b9d778432fbbb7b73c47d3eb38","name":"arrigoni","image":{"@type":"ImageObject","inLanguage":"de","@id":"https:\/\/secure.gravatar.com\/avatar\/a1b7948e0ecd31e4ae28423f3ff517946cbc4293f471936b421819e10b2d4b06?s=96&d=mm&r=g","url":"https:\/\/secure.gravatar.com\/avatar\/a1b7948e0ecd31e4ae28423f3ff517946cbc4293f471936b421819e10b2d4b06?s=96&d=mm&r=g","contentUrl":"https:\/\/secure.gravatar.com\/avatar\/a1b7948e0ecd31e4ae28423f3ff517946cbc4293f471936b421819e10b2d4b06?s=96&d=mm&r=g","caption":"arrigoni"}}]}},"_links":{"self":[{"href":"https:\/\/alimentariarrigoni.it\/de\/wp-json\/wp\/v2\/posts\/12220","targetHints":{"allow":["GET"]}}],"collection":[{"href":"https:\/\/alimentariarrigoni.it\/de\/wp-json\/wp\/v2\/posts"}],"about":[{"href":"https:\/\/alimentariarrigoni.it\/de\/wp-json\/wp\/v2\/types\/post"}],"author":[{"embeddable":true,"href":"https:\/\/alimentariarrigoni.it\/de\/wp-json\/wp\/v2\/users\/2"}],"replies":[{"embeddable":true,"href":"https:\/\/alimentariarrigoni.it\/de\/wp-json\/wp\/v2\/comments?post=12220"}],"version-history":[{"count":3,"href":"https:\/\/alimentariarrigoni.it\/de\/wp-json\/wp\/v2\/posts\/12220\/revisions"}],"predecessor-version":[{"id":12224,"href":"https:\/\/alimentariarrigoni.it\/de\/wp-json\/wp\/v2\/posts\/12220\/revisions\/12224"}],"wp:featuredmedia":[{"embeddable":true,"href":"https:\/\/alimentariarrigoni.it\/de\/wp-json\/wp\/v2\/media\/12105"}],"wp:attachment":[{"href":"https:\/\/alimentariarrigoni.it\/de\/wp-json\/wp\/v2\/media?parent=12220"}],"wp:term":[{"taxonomy":"category","embeddable":true,"href":"https:\/\/alimentariarrigoni.it\/de\/wp-json\/wp\/v2\/categories?post=12220"},{"taxonomy":"post_tag","embeddable":true,"href":"https:\/\/alimentariarrigoni.it\/de\/wp-json\/wp\/v2\/tags?post=12220"}],"curies":[{"name":"wp","href":"https:\/\/api.w.org\/{rel}","templated":true}]}}